{"id":52,"date":"2014-07-29T13:48:18","date_gmt":"2014-07-29T16:48:18","guid":{"rendered":"https:\/\/www.setasistemas.com.br\/blog\/?p=52"},"modified":"2022-11-07T09:13:25","modified_gmt":"2022-11-07T12:13:25","slug":"ensino-fundamental","status":"publish","type":"post","link":"https:\/\/www.setasistemas.com.br\/blog\/2014\/07\/29\/ensino-fundamental\/","title":{"rendered":"Ensino Fundamental"},"content":{"rendered":"\n<p><p style=\"text-align: justify;\">O ensino fundamental consiste em<strong>&nbsp;um dos n\u00edveis da educa\u00e7\u00e3o b\u00e1sica<\/strong>, obrigat\u00f3ria no Brasil. Ele tem dura\u00e7\u00e3o de nove anos e \u00e9 direcionado na maioria das vezes \u00e0s pessoas com idade entre 6 e 14 anos.<\/p><\/p>\n\n\n\n<p><p style=\"text-align: justify;\">O objetivo principal do ensino fundamental \u00e9 a forma\u00e7\u00e3o b\u00e1sica do cidad\u00e3o.De acordo com o artigo 32 da lei n\u00ba 9394\/2006, a Lei de Diretrizes e Bases da Educa\u00e7\u00e3o (LDB) do Brasil, \u00e9 necess\u00e1rio que o aluno j\u00e1 tenha o dom\u00ednio da leitura e da escrita para o desenvolvimento e a capacidade de obter novos conhecimentos atrav\u00e9s destas habilidades.<\/p><\/p>\n\n\n\n<p><p style=\"text-align: justify;\">Tamb\u00e9m \u00e9 necess\u00e1rio que o aluno tenha uma compreens\u00e3o do ambiente social em que \u00e9 inserido e que consiga evoluir esta habilidade de sociabilidade e dos valores que fundamentam a sociedade.<\/p><\/p>\n\n\n\n<p><p style=\"text-align: justify;\">O ensino fundamental faz parte da forma\u00e7\u00e3o escolar prevista na Lei de Diretrizes e Bases da Educa\u00e7\u00e3o, que \u00e9 composta pelas seguintes etapas: educa\u00e7\u00e3o infantil, ensino fundamental e educa\u00e7\u00e3o superior.<\/p><\/p>\n\n\n\n<h4 class=\"wp-block-heading\" style=\"text-align: justify;\">Obrigatoriedade do ensino<\/h4>\n\n\n\n<p><p style=\"text-align: justify;\">A lei determina que a matr\u00edcula no ensino fundamental \u00e9&nbsp;<strong>obrigat\u00f3ria<\/strong>, sendo uma responsabilidade conjunta entre os respons\u00e1veis pela crian\u00e7a e o governo.<\/p><\/p>\n\n\n\n<p><p style=\"text-align: justify;\">Cabe aos pais ou respons\u00e1veis dos alunos a efetiva\u00e7\u00e3o da matr\u00edcula, j\u00e1 ao Estado cabe a responsabilidade de garantir a oferta da quantidade de vagas necess\u00e1rias nas escolas p\u00fablicas. Entretanto, este servi\u00e7o educativo tamb\u00e9m pode ser ofertado pelo ensino privado.<\/p><\/p>\n\n\n\n<h4 class=\"wp-block-heading\" style=\"text-align: justify;\">Mudan\u00e7as no ensino fundamental<\/h4>\n\n\n\n<p><p style=\"text-align: justify;\">A dura\u00e7\u00e3o obrigat\u00f3ria do ensino fundamental foi ampliada para&nbsp;<strong>nove anos<\/strong>&nbsp;devido ao projeto de lei n\u00ba 3.675\/04, que, depois de aprovado, foi transformado na lei ordin\u00e1ria 11.274\/2006.<\/p><\/p>\n\n\n\n<p><p style=\"text-align: justify;\">Essa lei passou a incluir a classe de alfabetiza\u00e7\u00e3o, que anteriormente correspondia \u00e0 primeira s\u00e9rie e pertencia \u00e0 educa\u00e7\u00e3o infantil.<\/p><\/p>\n\n\n\n<h4 class=\"wp-block-heading\" style=\"text-align: justify;\">Divis\u00e3o do ensino fundamental<\/h4>\n\n\n\n<p><p style=\"text-align: justify;\">Desta forma, a divis\u00e3o do ensino fundamental se d\u00e1 da seguinte maneira:<\/p><\/p>\n\n\n\n<ul class=\"wp-block-list\" style=\"text-align: justify;\">\r\n<li><strong>Anos iniciais:<\/strong>\u00a0correspondem \u00e0s s\u00e9ries cursadas do 1\u00ba ao 5\u00ba ano, destinadas \u00e0s crian\u00e7as entre 6 e 10 anos, sendo o primeiro ano a classe de alfabetiza\u00e7\u00e3o.<\/li>\r\n<li><strong>Anos finais:<\/strong>\u00a0compreendem as s\u00e9ries do 6\u00ba ao 9\u00ba ano para crian\u00e7as e jovens entre 11 e 14 anos.<\/li>\r\n<\/ul>\n\n\n\n<p><p style=\"text-align: justify;\">Os sistemas de ensino oferecidos pelas escolas tamb\u00e9m podem desdobrar o ensino fundamental em ciclos, desde que a carga hor\u00e1ria m\u00ednima anual de&nbsp;<strong>800 horas<\/strong>&nbsp;seja respeitada.<\/p><\/p>\n\n\n\n<p><p style=\"text-align: justify;\">A escola deve obrigatoriamente fornecer pelo menos 200 dias efetivos de aula, com dura\u00e7\u00e3o de no m\u00ednimo 4 horas di\u00e1rias.<\/p><\/p>\n\n\n\n<h4 class=\"wp-block-heading\" style=\"text-align: justify;\">Objetivos do ensino fundamental<\/h4>\n\n\n\n<p><p style=\"text-align: justify;\">Conforme a LDB, os objetivos escolares que devem ser atingidos pelos alunos at\u00e9 o final do ensino fundamental s\u00e3o os seguintes:<\/p><\/p>\n\n\n\n<ul class=\"wp-block-list\" style=\"text-align: justify;\">\r\n<li>Desenvolvimento da sua capacidade de aprendizagem (escrita, leitura e c\u00e1lculo).<\/li>\r\n<li>Percep\u00e7\u00e3o dos valores que formam a sociedade: ambiente social, artes, tecnologia e sistema pol\u00edtico.<\/li>\r\n<li>Compreens\u00e3o da import\u00e2ncia de solidariedade, toler\u00e2ncia e v\u00ednculos familiares como bases essenciais para a sociedade.<\/li>\r\n<\/ul>\n\n\n\n<p><p style=\"text-align: justify;\">A LDB tamb\u00e9m prev\u00ea que a partir do 6\u00ba ano \u00e9 obrigat\u00f3ria a oferta da disciplina de L\u00edngua Inglesa no curr\u00edculo do ensino fundamental. O ensino de hist\u00f3ria, cultura afro-brasileira e ind\u00edgena tamb\u00e9m \u00e9 obrigat\u00f3rio.<\/p><\/p>\n","protected":false},"excerpt":{"rendered":"<p>O ensino fundamental consiste em&nbsp;um dos n\u00edveis da educa\u00e7\u00e3o b\u00e1sica, obrigat\u00f3ria no Brasil. Ele tem dura\u00e7\u00e3o de nove anos e \u00e9 direcionado na maioria das vezes \u00e0s pessoas com idade entre 6 e 14 anos. O objetivo principal do ensino fundamental \u00e9 a forma\u00e7\u00e3o b\u00e1sica do cidad\u00e3o.De acordo com o artigo 32 da lei n\u00ba [&hellip;]<\/p>\n","protected":false},"author":1,"featured_media":1401,"comment_status":"open","ping_status":"open","sticky":false,"template":"","format":"standard","meta":{"footnotes":""},"categories":[5,10,30,23,1],"tags":[],"class_list":["post-52","post","type-post","status-publish","format-standard","has-post-thumbnail","hentry","category-educacao","category-ensino","category-ensino-fundamental","category-gestao-escolar","category-nao-categorizado"],"blocksy_meta":[],"_links":{"self":[{"href":"https:\/\/www.setasistemas.com.br\/blog\/wp-json\/wp\/v2\/posts\/52","targetHints":{"allow":["GET"]}}],"collection":[{"href":"https:\/\/www.setasistemas.com.br\/blog\/wp-json\/wp\/v2\/posts"}],"about":[{"href":"https:\/\/www.setasistemas.com.br\/blog\/wp-json\/wp\/v2\/types\/post"}],"author":[{"embeddable":true,"href":"https:\/\/www.setasistemas.com.br\/blog\/wp-json\/wp\/v2\/users\/1"}],"replies":[{"embeddable":true,"href":"https:\/\/www.setasistemas.com.br\/blog\/wp-json\/wp\/v2\/comments?post=52"}],"version-history":[{"count":3,"href":"https:\/\/www.setasistemas.com.br\/blog\/wp-json\/wp\/v2\/posts\/52\/revisions"}],"predecessor-version":[{"id":1408,"href":"https:\/\/www.setasistemas.com.br\/blog\/wp-json\/wp\/v2\/posts\/52\/revisions\/1408"}],"wp:featuredmedia":[{"embeddable":true,"href":"https:\/\/www.setasistemas.com.br\/blog\/wp-json\/wp\/v2\/media\/1401"}],"wp:attachment":[{"href":"https:\/\/www.setasistemas.com.br\/blog\/wp-json\/wp\/v2\/media?parent=52"}],"wp:term":[{"taxonomy":"category","embeddable":true,"href":"https:\/\/www.setasistemas.com.br\/blog\/wp-json\/wp\/v2\/categories?post=52"},{"taxonomy":"post_tag","embeddable":true,"href":"https:\/\/www.setasistemas.com.br\/blog\/wp-json\/wp\/v2\/tags?post=52"}],"curies":[{"name":"wp","href":"https:\/\/api.w.org\/{rel}","templated":true}]}}