{"id":1697,"date":"2025-05-27T14:06:39","date_gmt":"2025-05-27T17:06:39","guid":{"rendered":"https:\/\/www.setasistemas.com.br\/blog\/?p=1697"},"modified":"2025-05-28T10:22:18","modified_gmt":"2025-05-28T13:22:18","slug":"tudo-sobre-o-novo-enem-2025-novidades-datas-e-impactos","status":"publish","type":"post","link":"https:\/\/www.setasistemas.com.br\/blog\/2025\/05\/27\/tudo-sobre-o-novo-enem-2025-novidades-datas-e-impactos\/","title":{"rendered":"Tudo sobre o Novo Enem 2025: Novidades, Datas e Impactos"},"content":{"rendered":"\n<p>O Exame Nacional do Ensino M\u00e9dio (Enem) de 2025 traz mudan\u00e7as significativas que impactam diretamente estudantes, educadores e institui\u00e7\u00f5es de ensino. Com o objetivo de tornar o exame mais inclusivo, eficiente e alinhado \u00e0s novas diretrizes educacionais do pa\u00eds, o Minist\u00e9rio da Educa\u00e7\u00e3o (MEC) implementou diversas novidades. Neste artigo, exploraremos as principais altera\u00e7\u00f5es e como elas afetam os participantes.<\/p>\n\n\n\n<hr class=\"wp-block-separator has-alpha-channel-opacity\"\/>\n\n\n\n<h2 class=\"wp-block-heading has-medium-font-size\">\ud83d\udcdd 1. Retorno da Certifica\u00e7\u00e3o do Ensino M\u00e9dio pelo Enem<\/h2>\n\n\n\n<p>Uma das mudan\u00e7as mais aguardadas \u00e9 a retomada da possibilidade de utilizar o Enem para obter a certifica\u00e7\u00e3o de conclus\u00e3o do ensino m\u00e9dio. Suspensa desde 2017, essa funcionalidade volta a ser v\u00e1lida para participantes maiores de 18 anos que indicarem essa finalidade no momento da inscri\u00e7\u00e3o. Ap\u00f3s a divulga\u00e7\u00e3o dos resultados, os interessados dever\u00e3o procurar uma unidade dos Institutos Federais de Educa\u00e7\u00e3o, Ci\u00eancia e Tecnologia ou institui\u00e7\u00f5es estaduais conveniadas ao Inep para solicitar o certificado. <\/p>\n\n\n\n<hr class=\"wp-block-separator has-alpha-channel-opacity\"\/>\n\n\n\n<h2 class=\"wp-block-heading has-medium-font-size\">\ud83d\udda5\ufe0f 2. Inscri\u00e7\u00e3o Pr\u00e9-preenchida para Estudantes da Rede P\u00fablica<\/h2>\n\n\n\n<p>Para facilitar o acesso ao exame, o MEC implementou a inscri\u00e7\u00e3o pr\u00e9-preenchida para alunos do 3\u00ba ano do ensino m\u00e9dio matriculados em escolas p\u00fablicas. Esses estudantes ter\u00e3o seus dados automaticamente inseridos no sistema e precisar\u00e3o apenas confirmar as informa\u00e7\u00f5es e escolher o idioma da prova de l\u00edngua estrangeira na P\u00e1gina do Participante entre os dias 26 de maio e 6 de junho.<\/p>\n\n\n\n<hr class=\"wp-block-separator has-alpha-channel-opacity\"\/>\n\n\n\n<h2 class=\"wp-block-heading has-medium-font-size\">\ud83d\udcc5 3. Datas Especiais de Prova no Par\u00e1<\/h2>\n\n\n\n<p>Devido \u00e0 realiza\u00e7\u00e3o da 30\u00aa Confer\u00eancia das Na\u00e7\u00f5es Unidas sobre Mudan\u00e7as Clim\u00e1ticas (COP 30) em novembro, as cidades paraenses de Bel\u00e9m, Ananindeua e Marituba ter\u00e3o datas diferenciadas para a aplica\u00e7\u00e3o do Enem 2025. Nessas localidades, as provas ocorrer\u00e3o nos dias 30 de novembro e 7 de dezembro.<\/p>\n\n\n\n<hr class=\"wp-block-separator has-alpha-channel-opacity\"\/>\n\n\n\n<h2 class=\"wp-block-heading has-medium-font-size\">\ud83d\udcb0 4. Benef\u00edcios Financeiros para Participantes do Programa P\u00e9-de-Meia<\/h2>\n\n\n\n<p>Estudantes do \u00faltimo ano do ensino m\u00e9dio que participam do programa P\u00e9-de-Meia receber\u00e3o uma parcela b\u00f4nus de R$ 200 ao comparecerem aos dois dias de provas do Enem 2025. Al\u00e9m disso, a isen\u00e7\u00e3o da taxa de inscri\u00e7\u00e3o para esses participantes ser\u00e1 autom\u00e1tica, incentivando a participa\u00e7\u00e3o e reduzindo barreiras financeiras. <\/p>\n\n\n\n<hr class=\"wp-block-separator has-alpha-channel-opacity\"\/>\n\n\n\n<h2 class=\"wp-block-heading has-medium-font-size\">\ud83d\udcda 5. Reformula\u00e7\u00e3o do Ensino M\u00e9dio e Impacto no Enem<\/h2>\n\n\n\n<p>A partir de 2025, inicia-se a implementa\u00e7\u00e3o da nova estrutura do ensino m\u00e9dio, conforme a Pol\u00edtica Nacional de Ensino M\u00e9dio. As diretrizes curriculares ser\u00e3o revistas, e os itiner\u00e1rios formativos ser\u00e3o mais bem delineados, com o objetivo de tornar a educa\u00e7\u00e3o mais relevante e atrativa para os jovens. Embora as mudan\u00e7as no Enem relacionadas a essa reformula\u00e7\u00e3o ainda estejam em discuss\u00e3o, \u00e9 esperado que, nos pr\u00f3ximos anos, o exame seja ajustado para refletir essas novas diretrizes.<\/p>\n\n\n\n<hr class=\"wp-block-separator has-alpha-channel-opacity\"\/>\n\n\n\n<h2 class=\"wp-block-heading has-medium-font-size\">\ud83e\udde0 6. Foco na Compreens\u00e3o e Aplica\u00e7\u00e3o do Conhecimento<\/h2>\n\n\n\n<p>O Enem 2025 busca avaliar mais profundamente o conhecimento dos candidatos, indo al\u00e9m da memoriza\u00e7\u00e3o de conte\u00fados. A prova ser\u00e1 reformulada para valorizar a capacidade de interpretar, refletir e aplicar conhecimentos em contextos diversos. Al\u00e9m disso, a reda\u00e7\u00e3o passar\u00e1 a ter crit\u00e9rios de corre\u00e7\u00e3o ainda mais rigorosos, incentivando a produ\u00e7\u00e3o textual cr\u00edtica e bem fundamentada.<\/p>\n\n\n\n<hr class=\"wp-block-separator has-alpha-channel-opacity\"\/>\n\n\n\n<h2 class=\"wp-block-heading has-medium-font-size\">\ud83d\uddd3\ufe0f 7. Cronograma do Enem 2025<\/h2>\n\n\n\n<ul class=\"wp-block-list\">\n<li><strong>Inscri\u00e7\u00f5es:<\/strong> 26 de maio a 6 de junho<\/li>\n\n\n\n<li><strong>Provas (geral):<\/strong> 9 e 16 de novembro<\/li>\n\n\n\n<li><strong>Provas (Bel\u00e9m, Ananindeua e Marituba\/PA):<\/strong> 30 de novembro e 7 de dezembro<\/li>\n\n\n\n<li><strong>Divulga\u00e7\u00e3o dos resultados:<\/strong> Janeiro de 2026 (data a confirmar)<\/li>\n<\/ul>\n\n\n\n<hr class=\"wp-block-separator has-alpha-channel-opacity\"\/>\n\n\n\n<h2 class=\"wp-block-heading has-medium-font-size\">\u2705 Conclus\u00e3o<\/h2>\n\n\n\n<p>As mudan\u00e7as no Enem 2025 refletem um esfor\u00e7o do MEC para tornar o exame mais acess\u00edvel, inclusivo e alinhado \u00e0s necessidades contempor\u00e2neas da educa\u00e7\u00e3o brasileira. \u00c9 fundamental que os estudantes estejam atentos a essas novidades e se preparem adequadamente para aproveitar as oportunidades que o Enem oferece.<\/p>\n\n\n\n<hr class=\"wp-block-separator has-alpha-channel-opacity\"\/>\n","protected":false},"excerpt":{"rendered":"<p>O Enem 2025 vem com mudan\u00e7as importantes: retorno da certifica\u00e7\u00e3o do ensino m\u00e9dio, inscri\u00e7\u00e3o autom\u00e1tica para estudantes da rede p\u00fablica, datas especiais no Par\u00e1, e benef\u00edcios financeiros do programa P\u00e9-de-Meia. Descubra todas as novidades, datas e como essas altera\u00e7\u00f5es impactam os candidatos.<\/p>\n","protected":false},"author":1,"featured_media":1401,"comment_status":"closed","ping_status":"closed","sticky":false,"template":"","format":"standard","meta":{"footnotes":""},"categories":[32,130,16,178],"tags":[480,479],"class_list":["post-1697","post","type-post","status-publish","format-standard","has-post-thumbnail","hentry","category-artigos","category-enem","category-ensino-medio","category-escolar","tag-enem-2025","tag-enem2025"],"blocksy_meta":[],"_links":{"self":[{"href":"https:\/\/www.setasistemas.com.br\/blog\/wp-json\/wp\/v2\/posts\/1697","targetHints":{"allow":["GET"]}}],"collection":[{"href":"https:\/\/www.setasistemas.com.br\/blog\/wp-json\/wp\/v2\/posts"}],"about":[{"href":"https:\/\/www.setasistemas.com.br\/blog\/wp-json\/wp\/v2\/types\/post"}],"author":[{"embeddable":true,"href":"https:\/\/www.setasistemas.com.br\/blog\/wp-json\/wp\/v2\/users\/1"}],"replies":[{"embeddable":true,"href":"https:\/\/www.setasistemas.com.br\/blog\/wp-json\/wp\/v2\/comments?post=1697"}],"version-history":[{"count":2,"href":"https:\/\/www.setasistemas.com.br\/blog\/wp-json\/wp\/v2\/posts\/1697\/revisions"}],"predecessor-version":[{"id":1700,"href":"https:\/\/www.setasistemas.com.br\/blog\/wp-json\/wp\/v2\/posts\/1697\/revisions\/1700"}],"wp:featuredmedia":[{"embeddable":true,"href":"https:\/\/www.setasistemas.com.br\/blog\/wp-json\/wp\/v2\/media\/1401"}],"wp:attachment":[{"href":"https:\/\/www.setasistemas.com.br\/blog\/wp-json\/wp\/v2\/media?parent=1697"}],"wp:term":[{"taxonomy":"category","embeddable":true,"href":"https:\/\/www.setasistemas.com.br\/blog\/wp-json\/wp\/v2\/categories?post=1697"},{"taxonomy":"post_tag","embeddable":true,"href":"https:\/\/www.setasistemas.com.br\/blog\/wp-json\/wp\/v2\/tags?post=1697"}],"curies":[{"name":"wp","href":"https:\/\/api.w.org\/{rel}","templated":true}]}}