{"id":1487,"date":"2023-01-09T13:54:19","date_gmt":"2023-01-09T16:54:19","guid":{"rendered":"https:\/\/www.setasistemas.com.br\/blog\/?p=1487"},"modified":"2023-01-09T13:54:21","modified_gmt":"2023-01-09T16:54:21","slug":"saude-mental-de-jovens","status":"publish","type":"post","link":"https:\/\/www.setasistemas.com.br\/blog\/2023\/01\/09\/saude-mental-de-jovens\/","title":{"rendered":"Sa\u00fade mental de jovens"},"content":{"rendered":"\n<p>Escolas p\u00fablicas da cidade norte-americana de Seattle abriram processo contra as maiores empresas de tecnologia, afirmando que as empresas s\u00e3o respons\u00e1veis por uma piora na crise de sa\u00fade mental de estudantes e interferirem diretamente na capacidade do sistema de ensino em executar sua miss\u00e3o educacional. O processo, aberto na sexta-feira contra Alphabet, Meta Platforms, Snap e ByteDance, afirma que as empresas projetam produtos com o prop\u00f3sito de prender jovens a suas plataformas, o que est\u00e1 criando uma crise de sa\u00fade mental. <\/p>\n\n\n\n<p>O processo afirma que as a\u00e7\u00f5es das empresas t\u00eam responsabilidade substancial na crise de sa\u00fade mental que afeta jovens. &#8220;Os r\u00e9us exploraram com sucesso as vulnerabilidades dos c\u00e9rebros dos jovens, fisgando dezenas de milh\u00f5es de estudantes em todo o pa\u00eds em ciclos de feedback positivo de uso excessivo e abuso das plataformas de m\u00eddia social&#8221;, afirma o processo. Estudantes com problemas de sa\u00fade mental t\u00eam pior desempenho, for\u00e7ando escolas a tomarem medidas que incluem forma\u00e7\u00e3o de professores para identificar e abordar tais sintomas, contratar pessoal treinado e criar recursos adicionais para alertar os alunos sobre os perigos de redes sociais, segundo o processo.<\/p>\n\n\n\n<p>A a\u00e7\u00e3o busca indeniza\u00e7\u00e3o por danos morais e outras penalidades. Em 2021, os legisladores dos EUA acusaram o presidente-executivo do Facebook, Mark Zuckerberg, de agir motivado por maiores lucros em detrimento da sa\u00fade mental de crian\u00e7as ap\u00f3s o testemunho da denunciante Frances Haugen. O Facebook sempre disse que discorda das informa\u00e7\u00f5es apresentadas por Haugen, que afirma que a empresa falhou em proteger meninas adolescentes no Instagram. <\/p>\n\n\n\n<p>&#8220;O argumento de que deliberadamente divulgamos conte\u00fado que torna pessoas furiosas \u00e9 profundamente il\u00f3gico&#8221;, escreveu Zuckerberg em sua p\u00e1gina no Facebook em resposta. &#8220;Ganhamos dinheiro com an\u00fancios e os anunciantes sempre nos dizem que n\u00e3o querem que seus an\u00fancios sejam exibidos pr\u00f3ximos a conte\u00fado nocivo. E eu n\u00e3o conhe\u00e7o nenhuma empresa de tecnologia que se prop\u00f5e a criar produtos que deixam as pessoas com raiva ou depressivas.&#8221; <\/p>\n\n\n\n<p>Por Jyoti Narayan<\/p>\n","protected":false},"excerpt":{"rendered":"<p>Escolas p\u00fablicas da cidade norte-americana de Seattle abriram processo contra as maiores empresas de tecnologia, afirmando que as empresas s\u00e3o respons\u00e1veis por uma piora na crise de sa\u00fade mental de estudantes e interferirem diretamente na capacidade do sistema de ensino em executar sua miss\u00e3o educacional. O processo, aberto na sexta-feira contra Alphabet, Meta Platforms, Snap [&hellip;]<\/p>\n","protected":false},"author":1,"featured_media":1401,"comment_status":"open","ping_status":"open","sticky":false,"template":"","format":"standard","meta":{"footnotes":""},"categories":[5],"tags":[],"class_list":["post-1487","post","type-post","status-publish","format-standard","has-post-thumbnail","hentry","category-educacao"],"blocksy_meta":[],"_links":{"self":[{"href":"https:\/\/www.setasistemas.com.br\/blog\/wp-json\/wp\/v2\/posts\/1487","targetHints":{"allow":["GET"]}}],"collection":[{"href":"https:\/\/www.setasistemas.com.br\/blog\/wp-json\/wp\/v2\/posts"}],"about":[{"href":"https:\/\/www.setasistemas.com.br\/blog\/wp-json\/wp\/v2\/types\/post"}],"author":[{"embeddable":true,"href":"https:\/\/www.setasistemas.com.br\/blog\/wp-json\/wp\/v2\/users\/1"}],"replies":[{"embeddable":true,"href":"https:\/\/www.setasistemas.com.br\/blog\/wp-json\/wp\/v2\/comments?post=1487"}],"version-history":[{"count":1,"href":"https:\/\/www.setasistemas.com.br\/blog\/wp-json\/wp\/v2\/posts\/1487\/revisions"}],"predecessor-version":[{"id":1488,"href":"https:\/\/www.setasistemas.com.br\/blog\/wp-json\/wp\/v2\/posts\/1487\/revisions\/1488"}],"wp:featuredmedia":[{"embeddable":true,"href":"https:\/\/www.setasistemas.com.br\/blog\/wp-json\/wp\/v2\/media\/1401"}],"wp:attachment":[{"href":"https:\/\/www.setasistemas.com.br\/blog\/wp-json\/wp\/v2\/media?parent=1487"}],"wp:term":[{"taxonomy":"category","embeddable":true,"href":"https:\/\/www.setasistemas.com.br\/blog\/wp-json\/wp\/v2\/categories?post=1487"},{"taxonomy":"post_tag","embeddable":true,"href":"https:\/\/www.setasistemas.com.br\/blog\/wp-json\/wp\/v2\/tags?post=1487"}],"curies":[{"name":"wp","href":"https:\/\/api.w.org\/{rel}","templated":true}]}}