{"id":1444,"date":"2022-11-14T14:00:40","date_gmt":"2022-11-14T17:00:40","guid":{"rendered":"https:\/\/www.setasistemas.com.br\/blog\/?p=1444"},"modified":"2022-11-14T14:00:41","modified_gmt":"2022-11-14T17:00:41","slug":"dia-nacional-da-alfabetizacao-14-de-novembro","status":"publish","type":"post","link":"https:\/\/www.setasistemas.com.br\/blog\/2022\/11\/14\/dia-nacional-da-alfabetizacao-14-de-novembro\/","title":{"rendered":"Dia Nacional da Alfabetiza\u00e7\u00e3o &#8211; 14 de Novembro"},"content":{"rendered":"\n<p>&#8220;Alfabetizar \u00e9 acender uma luz que jamais ser\u00e1 apagada. \u00c9 iluminar um futuro pr\u00f3ximo e tamb\u00e9m distante. \u00c9 deixar uma marca \u00fatil que se eternizar\u00e1. Alfabetizar \u00e9 mais uma forma de amar.&#8221; <\/p>\n\n\n\n<p>Augusta Schimidt<\/p>\n\n\n\n<p>No Dia da Alfabetiza\u00e7\u00e3o, a comunidade escolar e familiar costumam se unir na pr\u00e1tica de atividades que auxiliem no processo de conscientiza\u00e7\u00e3o da import\u00e2ncia em construir um pa\u00eds livre do analfabetismo. Neste dia voc\u00ea pode aproveitar para: Realizar um concurso de poesia, incentivando os alunos a produzir seus pr\u00f3prios poemas; Desenhar e pintar algo relacionado sobre viver em um pa\u00eds alfabetizado ou Fazer um concurso de soletrar\/ditado.<\/p>\n","protected":false},"excerpt":{"rendered":"<p>&#8220;Alfabetizar \u00e9 acender uma luz que jamais ser\u00e1 apagada. \u00c9 iluminar um futuro pr\u00f3ximo e tamb\u00e9m distante. \u00c9 deixar uma marca \u00fatil que se eternizar\u00e1. Alfabetizar \u00e9 mais uma forma de amar.&#8221; Augusta Schimidt No Dia da Alfabetiza\u00e7\u00e3o, a comunidade escolar e familiar costumam se unir na pr\u00e1tica de atividades que auxiliem no processo de [&hellip;]<\/p>\n","protected":false},"author":1,"featured_media":1445,"comment_status":"open","ping_status":"open","sticky":false,"template":"","format":"standard","meta":{"footnotes":""},"categories":[119],"tags":[352],"class_list":["post-1444","post","type-post","status-publish","format-standard","has-post-thumbnail","hentry","category-data-comemorativa","tag-dia-nacional-da-alfabetizacao"],"blocksy_meta":[],"_links":{"self":[{"href":"https:\/\/www.setasistemas.com.br\/blog\/wp-json\/wp\/v2\/posts\/1444","targetHints":{"allow":["GET"]}}],"collection":[{"href":"https:\/\/www.setasistemas.com.br\/blog\/wp-json\/wp\/v2\/posts"}],"about":[{"href":"https:\/\/www.setasistemas.com.br\/blog\/wp-json\/wp\/v2\/types\/post"}],"author":[{"embeddable":true,"href":"https:\/\/www.setasistemas.com.br\/blog\/wp-json\/wp\/v2\/users\/1"}],"replies":[{"embeddable":true,"href":"https:\/\/www.setasistemas.com.br\/blog\/wp-json\/wp\/v2\/comments?post=1444"}],"version-history":[{"count":1,"href":"https:\/\/www.setasistemas.com.br\/blog\/wp-json\/wp\/v2\/posts\/1444\/revisions"}],"predecessor-version":[{"id":1446,"href":"https:\/\/www.setasistemas.com.br\/blog\/wp-json\/wp\/v2\/posts\/1444\/revisions\/1446"}],"wp:featuredmedia":[{"embeddable":true,"href":"https:\/\/www.setasistemas.com.br\/blog\/wp-json\/wp\/v2\/media\/1445"}],"wp:attachment":[{"href":"https:\/\/www.setasistemas.com.br\/blog\/wp-json\/wp\/v2\/media?parent=1444"}],"wp:term":[{"taxonomy":"category","embeddable":true,"href":"https:\/\/www.setasistemas.com.br\/blog\/wp-json\/wp\/v2\/categories?post=1444"},{"taxonomy":"post_tag","embeddable":true,"href":"https:\/\/www.setasistemas.com.br\/blog\/wp-json\/wp\/v2\/tags?post=1444"}],"curies":[{"name":"wp","href":"https:\/\/api.w.org\/{rel}","templated":true}]}}