{"id":1268,"date":"2022-08-13T17:29:20","date_gmt":"2022-08-13T20:29:20","guid":{"rendered":"https:\/\/www.setasistemas.com.br\/blog\/?p=1268"},"modified":"2022-11-06T10:53:35","modified_gmt":"2022-11-06T13:53:35","slug":"filmes-a-que-todo-estudante-deve-assistir-antes-de-entrar-em-uma-universidade","status":"publish","type":"post","link":"https:\/\/www.setasistemas.com.br\/blog\/2022\/08\/13\/filmes-a-que-todo-estudante-deve-assistir-antes-de-entrar-em-uma-universidade\/","title":{"rendered":"Filmes a que todo estudante deve assistir antes de entrar em uma universidade"},"content":{"rendered":"\n<p><img decoding=\"async\" src=\"https:\/\/img.r7.com\/images\/jovem-assiste-filmes-cinema-05082022163751687?dimensions=771x420&amp;no_crop=true\" alt=\"Professores d\u00e3o dicas de filmes para assistir antes de ingressar na universidade. O R7 ouviu&nbsp; \u00c9cia Maria Rubini Sales, coordenadora pedag\u00f3gica, e Marcos Spagnoli, coordenador do ensino m\u00e9dio, ambos da\nEscola&nbsp;Luminova;&nbsp; G\u00fcnther Mittermayer, s\u00f3cio fundador da Escola Mais e&nbsp;Cristina\nMaher, coordenadora do Itiner\u00e1rio Formativo do ensino m\u00e9dio da&nbsp;Escola\nda Vila para elencarem obras que auxiliam na forma\u00e7\u00e3o geral dos estudantes. Vale conferir a classifica\u00e7\u00e3o et\u00e1ria dos filmes. Confira:\"><\/p>\n\n\n\n<p><a><\/a><a> <\/a><a><\/a><a> <\/a><a><\/a><a><\/a><\/p>\n\n\n\n<p>Professores d\u00e3o dicas de filmes para assistir antes de ingressar na universidade. Foram ouvidos&nbsp; \u00c9cia Maria Rubini Sales, coordenadora pedag\u00f3gica, e Marcos Spagnoli, coordenador do ensino m\u00e9dio, ambos da Escola&nbsp;Luminova;&nbsp; G\u00fcnther Mittermayer, s\u00f3cio fundador da Escola Mais e&nbsp;Cristina Maher, coordenadora do Itiner\u00e1rio Formativo do ensino m\u00e9dio da&nbsp;Escola da Vila para elencarem obras que auxiliam na forma\u00e7\u00e3o geral dos estudantes. Vale conferir a classifica\u00e7\u00e3o et\u00e1ria dos filmes. Confira:<\/p>\n\n\n\n<p>Mohamed Hassan\/Pixabay<\/p>\n\n\n\n<figure class=\"wp-block-image\"><img decoding=\"async\" src=\"https:\/\/img.r7.com\/images\/cidade-de-deus-23032022121005395?dimensions=771x420&amp;no_crop=true\" alt=\"Cidade de Deus:\u00a0Um cl\u00e1ssico do cinema nacional, o filme mostra a trajet\u00f3ria de\ndiferentes personagens da mesma cidade, separados n\u00e3o apenas pelo poder\naquisitivo, mas tamb\u00e9m pela luta de classes (e de oportunidades) entre quem\nvive em bairros tradicionais e quem vive em comunidades perif\u00e9ricas\" title=\"Cidade de Deus:\u00a0Um cl\u00e1ssico do cinema nacional, o filme mostra a trajet\u00f3ria de\ndiferentes personagens da mesma cidade, separados n\u00e3o apenas pelo poder\naquisitivo, mas tamb\u00e9m pela luta de classes (e de oportunidades) entre quem\nvive em bairros tradicionais e quem vive em comunidades perif\u00e9ricas\"\/><\/figure>\n\n\n\n<p><a><\/a><a> <\/a><a><\/a><a> <\/a><a><\/a><a><\/a><\/p>\n\n\n\n<p><strong>Cidade de Deus<\/strong>:&nbsp;Um cl\u00e1ssico do cinema nacional, o filme mostra a trajet\u00f3ria de diferentes personagens da mesma cidade, separados n\u00e3o apenas pelo poder aquisitivo, mas tamb\u00e9m pela luta de classes (e de oportunidades) entre quem vive em bairros tradicionais e quem vive em comunidades perif\u00e9ricas<\/p>\n\n\n\n<p>Divulga\u00e7\u00e3o\/O2 Filmes<\/p>\n\n\n\n<figure class=\"wp-block-image\"><img decoding=\"async\" src=\"https:\/\/img.r7.com\/images\/juno-05082022163330072?dimensions=771x420&amp;no_crop=true\" alt=\"Juno: O longa conta a hist\u00f3ria de um jovem casal de amigos que\nenfrenta uma situa\u00e7\u00e3o desafiadora ao descobrir que a protagonista est\u00e1\ngr\u00e1vida. A hist\u00f3ria prop\u00f5e uma importante reflex\u00e3o sobre como lidar\ncom uma situa\u00e7\u00e3o t\u00e3o desafiadora, misturando preocupa\u00e7\u00f5es financeiras e\nemocionais de quem vive este drama\" title=\"Juno: O longa conta a hist\u00f3ria de um jovem casal de amigos que\nenfrenta uma situa\u00e7\u00e3o desafiadora ao descobrir que a protagonista est\u00e1\ngr\u00e1vida. A hist\u00f3ria prop\u00f5e uma importante reflex\u00e3o sobre como lidar\ncom uma situa\u00e7\u00e3o t\u00e3o desafiadora, misturando preocupa\u00e7\u00f5es financeiras e\nemocionais de quem vive este drama\"\/><\/figure>\n\n\n\n<p><a><\/a><a> <\/a><a><\/a><a> <\/a><a><\/a><a><\/a><\/p>\n\n\n\n<p><strong>Juno<\/strong>: O longa conta a hist\u00f3ria de um jovem casal de amigos que enfrenta uma situa\u00e7\u00e3o desafiadora ao descobrir que a protagonista est\u00e1 gr\u00e1vida. A hist\u00f3ria prop\u00f5e uma importante reflex\u00e3o sobre como lidar com uma situa\u00e7\u00e3o t\u00e3o desafiadora, misturando preocupa\u00e7\u00f5es financeiras e emocionais de quem vive este drama<\/p>\n\n\n\n<p>Divulga\u00e7\u00e3o<\/p>\n\n\n\n<figure class=\"wp-block-image\"><img decoding=\"async\" src=\"https:\/\/img.r7.com\/images\/adam-driver-e-john-david-washigton-estrelam-infiltrado-na-klan-ou-john-david-washigton-estrela-infiltrado-na-klan-credito-reproducao-cp-22112018091711460?dimensions=771x420&amp;no_crop=true\" alt=\"Infiltrado na Klan: essa \u00e9 a hist\u00f3ria do primeiro policial negro a conseguir\nse infiltrar na Ku Klux Kan na d\u00e9cada de 1970. Aborda o racismo e\nos perigos da exist\u00eancia de grupos extremistas na nossa sociedade.\nInspirado em uma hist\u00f3ria real, o filme incita a reflex\u00e3o sobre\ngrupos exclu\u00eddos e a busca pelo poder na sociedade\" title=\"Infiltrado na Klan: essa \u00e9 a hist\u00f3ria do primeiro policial negro a conseguir\nse infiltrar na Ku Klux Kan na d\u00e9cada de 1970. Aborda o racismo e\nos perigos da exist\u00eancia de grupos extremistas na nossa sociedade.\nInspirado em uma hist\u00f3ria real, o filme incita a reflex\u00e3o sobre\ngrupos exclu\u00eddos e a busca pelo poder na sociedade\"\/><\/figure>\n\n\n\n<p><a><\/a><a> <\/a><a><\/a><a> <\/a><a><\/a><a><\/a><\/p>\n\n\n\n<p><strong>Infiltrado na Klan<\/strong>: essa \u00e9 a hist\u00f3ria do primeiro policial negro a conseguir se infiltrar na Ku Klux Kan na d\u00e9cada de 1970. Aborda o racismo e os perigos da exist\u00eancia de grupos extremistas na nossa sociedade. Inspirado em uma hist\u00f3ria real, o filme incita a reflex\u00e3o sobre grupos exclu\u00eddos e a busca pelo poder na sociedade<\/p>\n\n\n\n<p>Correio do Povo<\/p>\n\n\n\n<figure class=\"wp-block-image\"><img decoding=\"async\" src=\"https:\/\/img.r7.com\/images\/na-natureza-selvagem-e-outras-mortes-misteriosas-ocorridas-no-alasca-22062020114450045?dimensions=771x420&amp;no_crop=true\" alt=\"\" title=\"\"\/><\/figure>\n\n\n\n<p><a><\/a><a> <\/a><a><\/a><a> <\/a><a><\/a><a><\/a><\/p>\n\n\n\n<p><strong>Na Natureza Selvagem<\/strong>: retrata a saga de autoconhecimento e autodescobrimento de um jovem rec\u00e9m-formado que abandona todos seus bens e comodidades para enfrentar desafios (de sobreviv\u00eancia) e de escolhas. Uma reflex\u00e3o sobre \u201cter tudo x n\u00e3o ter nada\u201d, revisitando os valores que damos \u00e0s quest\u00f5es materiais e emocionais<\/p>\n\n\n\n<p>Reprodu\u00e7\u00e3o\/Wikimedia Commons<\/p>\n\n\n\n<figure class=\"wp-block-image\"><img decoding=\"async\" src=\"https:\/\/img.r7.com\/images\/2017\/02\/22\/5a086cku2h_6bg6ao00yc_file?dimensions=771x420&amp;no_crop=true\" alt=\"\" title=\"\"\/><\/figure>\n\n\n\n<p><a><\/a><a> <\/a><a><\/a><a> <\/a><a><\/a><a><\/a><\/p>\n\n\n\n<p><strong>Capit\u00e3o Fant\u00e1stico:<\/strong>&nbsp;Filme de grande impacto para quem ainda \u00e9 adolescente. A obra ilustra a saga de um pai que busca criar os filhos fugindo dos padr\u00f5es da sociedade, mas se depara com as dificuldades pr\u00e1ticas e com a necessidade de interagir com outras pessoas, o que acaba por gerar conflitos<\/p>\n\n\n\n<p>Divulga\u00e7\u00e3o<\/p>\n\n\n\n<figure class=\"wp-block-image\"><img decoding=\"async\" src=\"https:\/\/img.r7.com\/images\/parasita-filme-16012020075515994?dimensions=771x420&amp;no_crop=true\" alt=\"\" title=\"\"\/><\/figure>\n\n\n\n<p><a><\/a><a> <\/a><a><\/a><a> <\/a><a><\/a><a><\/a><\/p>\n\n\n\n<p><strong>Parasita<\/strong>: ganhador do Oscar, a obra faz uma reflex\u00e3o sobre a desigualdade social e o limite de a\u00e7\u00e3o de cada um em busca dos seus interesses. Tamb\u00e9m merece destaque por misturar cenas expl\u00edcitas e outras mais sutis que destacam as diferen\u00e7as entre as fam\u00edlias<\/p>\n\n\n\n<p>Divulga\u00e7\u00e3o<\/p>\n\n\n\n<figure class=\"wp-block-image\"><img decoding=\"async\" src=\"https:\/\/img.r7.com\/images\/filme-medida-provisoria-dirigido-por-lazaro-ramos-05082022162259570?dimensions=771x420&amp;no_crop=true\" alt=\"Filme Medida Provis\u00f3ria dirigido por L\u00e1zaro Ramos\" title=\"Filme Medida Provis\u00f3ria dirigido por L\u00e1zaro Ramos\"\/><\/figure>\n\n\n\n<p><a><\/a><a> <\/a><a><\/a><a> <\/a><a><\/a><a><\/a><\/p>\n\n\n\n<p><strong>Medida Provis\u00f3ria:<\/strong>&nbsp;inspirado na pe\u00e7a de teatro <em>Nam\u00edbia, n\u00e3o!, <\/em>o roteiro se baseie em um cen\u00e1rio dist\u00f3pico e aborda o racismo, mas vai al\u00e9m ao debater a quest\u00e3o da desigualdade social e da interven\u00e7\u00e3o do Estado na vida privada das pessoas<\/p>\n\n\n\n<p>Divulga\u00e7\u00e3o<\/p>\n\n\n\n<figure class=\"wp-block-image\"><img decoding=\"async\" src=\"https:\/\/img.r7.com\/images\/2016\/01\/17\/18g4qoccmb_435y6hnxgi_file?dimensions=771x420&amp;no_crop=true\" alt=\"\" title=\"\"\/><\/figure>\n\n\n\n<p><a><\/a><a> <\/a><a><\/a><a> <\/a><a><\/a><a><\/a><\/p>\n\n\n\n<p><strong>O Show de Truman: <\/strong>uma f\u00e1bula que ajuda a refletir sobre a sociedade de consumo e como lidamos com o entretenimento, principalmente os reality-shows<\/p>\n\n\n\n<p>Divulga\u00e7\u00e3o<\/p>\n\n\n\n<figure class=\"wp-block-image\"><img decoding=\"async\" src=\"https:\/\/img.r7.com\/images\/2014\/03\/18\/299x7wnx97_tuaqnlm6k_file.jpg?dimensions=771x420&amp;no_crop=true\" alt=\"\" title=\"\"\/><\/figure>\n\n\n\n<p><a><\/a><a> <\/a><a><\/a><a> <\/a><a><\/a><a><\/a><\/p>\n\n\n\n<p><strong>Cidad\u00e3o Kane:<\/strong> Cl\u00e1ssico do cinema internacional, eleito v\u00e1rias vezes o melhor filme de todos os tempos, retrata a ascens\u00e3o de um grande magnata de m\u00eddia e a influ\u00eancia da m\u00eddia nos rumos do pa\u00eds<\/p>\n\n\n\n<p>Reprodu\u00e7\u00e3o \/ IMDB<\/p>\n\n\n\n<figure class=\"wp-block-image\"><img decoding=\"async\" src=\"https:\/\/img.r7.com\/images\/que-horas-ela-volta-09082022171822761?dimensions=771x420&amp;no_crop=true\" alt=\"Que horas ela volta?: \u00c9 um retrato social de\numa parcela de trabalhadores dom\u00e9sticos no Brasil e as complexas rela\u00e7\u00f5es\nsociais com seus empregadores\" title=\"Que horas ela volta?: \u00c9 um retrato social de\numa parcela de trabalhadores dom\u00e9sticos no Brasil e as complexas rela\u00e7\u00f5es\nsociais com seus empregadores\"\/><\/figure>\n\n\n\n<p><a><\/a><a> <\/a><a><\/a><a> <\/a><a><\/a><a><\/a><\/p>\n\n\n\n<p><strong>Que horas ela volta?:<\/strong> \u00c9 um retrato social de uma parcela de trabalhadores dom\u00e9sticos no Brasil e as complexas rela\u00e7\u00f5es sociais com seus empregadores<\/p>\n\n\n\n<p>Reprodu\u00e7\u00e3o<\/p>\n\n\n\n<figure class=\"wp-block-image\"><img decoding=\"async\" src=\"https:\/\/img.r7.com\/images\/invictus2009-remonta-a-luta-do-entao-eleito-presidente-nelson-mandela-morgan-freeman-junto-de-francois-pienaar-matt-damon-capitao-do-time-de-rugbi-da-africa-do-sul-p-28102020164054126?dimensions=771x420&amp;no_crop=true\" alt=\"\u2018Invictus\u2019(2009) remonta a luta do ent\u00e3o eleito presidente Nelson Mandela (Morgan Freeman) junto de Francois Pienaar (Matt Damon), capit\u00e3o do time de r\u00fagbi da \u00c1frica do Sul, para unificar a na\u00e7\u00e3o ap\u00f3s o fim do apartheid por meio do esporte.\" title=\"\u2018Invictus\u2019(2009) remonta a luta do ent\u00e3o eleito presidente Nelson Mandela (Morgan Freeman) junto de Francois Pienaar (Matt Damon), capit\u00e3o do time de r\u00fagbi da \u00c1frica do Sul, para unificar a na\u00e7\u00e3o ap\u00f3s o fim do apartheid por meio do esporte.\"\/><\/figure>\n\n\n\n<p><a><\/a><a> <\/a><a><\/a><a> <\/a><a><\/a><a><\/a><\/p>\n\n\n\n<p><strong>Invictus: <\/strong>Conta parte da trajet\u00f3ria do l\u00edder sul-africano Nelson Mandela, e sobre como o esporte pode unir uma na\u00e7\u00e3o<\/p>\n\n\n\n<figure class=\"wp-block-image\"><img decoding=\"async\" src=\"https:\/\/img.r7.com\/images\/filme-uma-verdade-inconveniente-12072022105519836?dimensions=771x420&amp;no_crop=true\" alt=\"Uma verdade inconveniente: Document\u00e1rio sobre os impactos do aquecimento global e\nsobre a urg\u00eancia da humanidade em agir para reverter esse cen\u00e1rio\" title=\"Uma verdade inconveniente: Document\u00e1rio sobre os impactos do aquecimento global e\nsobre a urg\u00eancia da humanidade em agir para reverter esse cen\u00e1rio\"\/><\/figure>\n\n\n\n<p><a><\/a><a> <\/a><a><\/a><a> <\/a><a><\/a><a><\/a><\/p>\n\n\n\n<p><strong>Uma verdade inconveniente:<\/strong> Document\u00e1rio sobre os impactos do aquecimento global e sobre a urg\u00eancia da humanidade em agir para reverter esse cen\u00e1rio<\/p>\n\n\n\n<p>Divulga\u00e7\u00e3o<\/p>\n\n\n\n<figure class=\"wp-block-image\"><img decoding=\"async\" src=\"https:\/\/img.r7.com\/images\/2001-uma-odisseia-no-espaco-livros-de-ficcao-cientifica-que-todo-homem-deveria-ler-29072018180212972?dimensions=771x420&amp;no_crop=true\" alt=\"2001, Uma Odisseia no Espa\u00e7o: Cl\u00e1ssico do diretor Stanley Kubrick foi respons\u00e1vel por trazer mudan\u00e7as\nsignificativas em termos t\u00e9cnicos e de linguagem cinematogr\u00e1fica. Al\u00e9m disso, \u00e9 um filme que debate aspectos \u00e9ticos\nda a\u00e7\u00e3o humana frente ao desenvolvimento tecnol\u00f3gico\" title=\"2001, Uma Odisseia no Espa\u00e7o: Cl\u00e1ssico do diretor Stanley Kubrick foi respons\u00e1vel por trazer mudan\u00e7as\nsignificativas em termos t\u00e9cnicos e de linguagem cinematogr\u00e1fica. Al\u00e9m disso, \u00e9 um filme que debate aspectos \u00e9ticos\nda a\u00e7\u00e3o humana frente ao desenvolvimento tecnol\u00f3gico\"\/><\/figure>\n\n\n\n<p><a><\/a><a> <\/a><a><\/a><a> <\/a><a><\/a><a><\/a><\/p>\n\n\n\n<p><strong>2001, Uma Odisseia no Espa\u00e7o: <\/strong>Cl\u00e1ssico do diretor Stanley Kubrick foi respons\u00e1vel por trazer mudan\u00e7as significativas em termos t\u00e9cnicos e de linguagem cinematogr\u00e1fica. Al\u00e9m disso, \u00e9 um filme que debate aspectos \u00e9ticos da a\u00e7\u00e3o humana frente ao desenvolvimento tecnol\u00f3gico.<\/p>\n\n\n\n<p>Fonte: Portal R7<\/p>\n","protected":false},"excerpt":{"rendered":"<p>Professores d\u00e3o dicas de obras que v\u00e3o al\u00e9m do vestibular e do Enem e s\u00e3o fundamentais para a forma\u00e7\u00e3o geral <\/p>\n","protected":false},"author":1,"featured_media":1294,"comment_status":"open","ping_status":"open","sticky":false,"template":"","format":"standard","meta":{"footnotes":""},"categories":[107,32,23],"tags":[],"class_list":["post-1268","post","type-post","status-publish","format-standard","has-post-thumbnail","hentry","category-5-dicas","category-artigos","category-gestao-escolar"],"blocksy_meta":[],"_links":{"self":[{"href":"https:\/\/www.setasistemas.com.br\/blog\/wp-json\/wp\/v2\/posts\/1268","targetHints":{"allow":["GET"]}}],"collection":[{"href":"https:\/\/www.setasistemas.com.br\/blog\/wp-json\/wp\/v2\/posts"}],"about":[{"href":"https:\/\/www.setasistemas.com.br\/blog\/wp-json\/wp\/v2\/types\/post"}],"author":[{"embeddable":true,"href":"https:\/\/www.setasistemas.com.br\/blog\/wp-json\/wp\/v2\/users\/1"}],"replies":[{"embeddable":true,"href":"https:\/\/www.setasistemas.com.br\/blog\/wp-json\/wp\/v2\/comments?post=1268"}],"version-history":[{"count":4,"href":"https:\/\/www.setasistemas.com.br\/blog\/wp-json\/wp\/v2\/posts\/1268\/revisions"}],"predecessor-version":[{"id":1302,"href":"https:\/\/www.setasistemas.com.br\/blog\/wp-json\/wp\/v2\/posts\/1268\/revisions\/1302"}],"wp:featuredmedia":[{"embeddable":true,"href":"https:\/\/www.setasistemas.com.br\/blog\/wp-json\/wp\/v2\/media\/1294"}],"wp:attachment":[{"href":"https:\/\/www.setasistemas.com.br\/blog\/wp-json\/wp\/v2\/media?parent=1268"}],"wp:term":[{"taxonomy":"category","embeddable":true,"href":"https:\/\/www.setasistemas.com.br\/blog\/wp-json\/wp\/v2\/categories?post=1268"},{"taxonomy":"post_tag","embeddable":true,"href":"https:\/\/www.setasistemas.com.br\/blog\/wp-json\/wp\/v2\/tags?post=1268"}],"curies":[{"name":"wp","href":"https:\/\/api.w.org\/{rel}","templated":true}]}}