{"id":1246,"date":"2022-08-03T06:31:19","date_gmt":"2022-08-03T09:31:19","guid":{"rendered":"https:\/\/www.setasistemas.com.br\/blog\/?p=1246"},"modified":"2022-11-06T10:57:03","modified_gmt":"2022-11-06T13:57:03","slug":"defasagem-no-aprendizado-de-estudantes-em-2021","status":"publish","type":"post","link":"https:\/\/www.setasistemas.com.br\/blog\/2022\/08\/03\/defasagem-no-aprendizado-de-estudantes-em-2021\/","title":{"rendered":"Defasagem no aprendizado de estudantes em 2021"},"content":{"rendered":"\n<p>Em 2021, 93% dos professores de escolas p\u00fablicas e privadas de educa\u00e7\u00e3o b\u00e1sica dizem ter enfrentado dificuldades extras em sala de aula em consequ\u00eancia das lacunas na aprendizagem causadas pela pandemia. Al\u00e9m disso, 94% dos docentes acreditam que, nesse per\u00edodo, os pais ou respons\u00e1veis pelos alunos tiveram problemas para orientar os filhos nas tarefas escolares. O estudo \u00e9 do Centro Regional de Estudos para o Desenvolvimento da Sociedade da Informa\u00e7\u00e3o (Cetic.br).<\/p>\n\n\n\n<p>O levantamento mostrou ainda que, para 86% dos educadores, a falta de dispositivos e acesso \u00e0 internet nos domic\u00edlios dos alunos atrapalhou a aprendizagem, porcentagem similar \u00e0 registrada em 2020. \u201cEmbora tenham sido implementadas pol\u00edticas p\u00fablicas de apoio aos estudantes e professores, o que podemos observar \u00e9 que no segundo ano de pandemia dificuldades semelhantes continuaram a ser identificadas, agora pelos professores\u201d, afirmou Alexandre Barbosa, gerente do Cetic.br, em nota para a imprensa.<\/p>\n\n\n\n<p>Segundo a pesquisa, 85% dos professores confirmaram o aumento da carga de trabalho. Do total, 58% dos docentes buscaram oferecer aulas de recupera\u00e7\u00e3o presenciais e remotas com o uso de tecnologias digitais.<\/p>\n\n\n\n<p>Fonte: Gazeta do Povo<\/p>\n","protected":false},"excerpt":{"rendered":"<p>Em 2021, 93% dos professores de escolas p\u00fablicas e privadas de educa\u00e7\u00e3o b\u00e1sica dizem ter enfrentado dificuldades extras em sala de aula em consequ\u00eancia das lacunas na aprendizagem causadas pela pandemia. Al\u00e9m disso, 94% dos docentes acreditam que, nesse per\u00edodo, os pais ou respons\u00e1veis pelos alunos tiveram problemas para orientar os filhos nas tarefas escolares. [&hellip;]<\/p>\n","protected":false},"author":1,"featured_media":1299,"comment_status":"open","ping_status":"open","sticky":false,"template":"","format":"standard","meta":{"footnotes":""},"categories":[32,10,24,178],"tags":[],"class_list":["post-1246","post","type-post","status-publish","format-standard","has-post-thumbnail","hentry","category-artigos","category-ensino","category-escola","category-escolar"],"blocksy_meta":[],"_links":{"self":[{"href":"https:\/\/www.setasistemas.com.br\/blog\/wp-json\/wp\/v2\/posts\/1246","targetHints":{"allow":["GET"]}}],"collection":[{"href":"https:\/\/www.setasistemas.com.br\/blog\/wp-json\/wp\/v2\/posts"}],"about":[{"href":"https:\/\/www.setasistemas.com.br\/blog\/wp-json\/wp\/v2\/types\/post"}],"author":[{"embeddable":true,"href":"https:\/\/www.setasistemas.com.br\/blog\/wp-json\/wp\/v2\/users\/1"}],"replies":[{"embeddable":true,"href":"https:\/\/www.setasistemas.com.br\/blog\/wp-json\/wp\/v2\/comments?post=1246"}],"version-history":[{"count":1,"href":"https:\/\/www.setasistemas.com.br\/blog\/wp-json\/wp\/v2\/posts\/1246\/revisions"}],"predecessor-version":[{"id":1248,"href":"https:\/\/www.setasistemas.com.br\/blog\/wp-json\/wp\/v2\/posts\/1246\/revisions\/1248"}],"wp:featuredmedia":[{"embeddable":true,"href":"https:\/\/www.setasistemas.com.br\/blog\/wp-json\/wp\/v2\/media\/1299"}],"wp:attachment":[{"href":"https:\/\/www.setasistemas.com.br\/blog\/wp-json\/wp\/v2\/media?parent=1246"}],"wp:term":[{"taxonomy":"category","embeddable":true,"href":"https:\/\/www.setasistemas.com.br\/blog\/wp-json\/wp\/v2\/categories?post=1246"},{"taxonomy":"post_tag","embeddable":true,"href":"https:\/\/www.setasistemas.com.br\/blog\/wp-json\/wp\/v2\/tags?post=1246"}],"curies":[{"name":"wp","href":"https:\/\/api.w.org\/{rel}","templated":true}]}}